{"id":10412,"date":"2013-06-20T21:20:06","date_gmt":"2013-06-20T19:20:06","guid":{"rendered":"http:\/\/www.djk-erlangen.de\/fussball\/?p=10412"},"modified":"2013-06-20T21:23:59","modified_gmt":"2013-06-20T19:23:59","slug":"saisonabschlus-mit-blutenweiser-weste","status":"publish","type":"post","link":"https:\/\/www.djk-erlangen.de\/fussball\/?p=10412","title":{"rendered":"Saisonabschlu\u00df mit bl\u00fctenwei\u00dfer Weste"},"content":{"rendered":"<p>Zum letzten Spiel der Fr\u00fchjahrsrunde kreuzte heute unser bis zum Dienstag \u00e4rgster Verfolger, die SpVgg aus Uehlfeld am Wiesenweg auf.<br \/>\n<!--more--><\/p>\n<p>Wir waren auch nach dem anstrengenden Spiel vom Dienstag hochmotiviert um das einmalige zu schaffen. Auch wenn wir auf die eine oder andere Stammkraft verzichten mu\u00dften.<br \/>\nIn der 5. Minute war dann der Bann gebrochen und Mike konnte nach sch\u00f6ner Zuarbeit von Tim zum 1:0 einnetzen.<\/p>\n<p>Nach weiteren 8. gespielten Minuten gab es das sch\u00f6nste Tor dieses Spiels zu bewundern!<br \/>\nEine musterg\u00fcltige Ecke auf den langen Pfosten von Benedikt k\u00f6pfte unser Kleinster unhaltbar zum 2:0 in die Maschen. Somit avanciert unser Ben zum Kopfballungeheuer.<\/p>\n<p>Mit diesem beruhigenden Vorsprung wurden auch ein letztes Mal in dieser Saison die Seiten getauscht.<\/p>\n<p>Kurz nach dem Wiederanpfiff konnten die Uehlfelder durch eine Unachtsamkeit in der Hintermannschaft inclusive Torh\u00fcter noch den Anschlu\u00dftreffer erzielen.<br \/>\nDieser Gegentreffer sorgte f\u00fcr gr\u00f6\u00dfere Unruhe in unserem Spielaufbau und Uehlfeld war in dieser Phase des Spiels tonangebend.<\/p>\n<p>Es dauerte ein wenig bis wir uns wieder Gefangen hatten. 5. Minuten vom dem Schlu\u00dfpfiff konnte Arijan mit dem 3:1 den alten Abstand wieder herstellen und auch sicherstellen, da\u00df wir<br \/>\nes geschafft haben ohne Punktverlust, mit dem besten Torverh\u00e4ltnis und 8!!! Punkten Vorsprung verdient die Meisterschaft &#8211; die ja am Dienstag schon klar war &#8211; nochmals zu untermauern.<\/p>\n<p>Herzlichen Gl\u00fcckwunsch nochmals und vielen Dank f\u00fcr diese super Saison. Wir sind alle richtig Stolz auf Euch<\/p>\n<p>Somit k\u00f6nnen wir erhobenen Hauptes an den Bodensee fahren, um dort am kommenden Wochenende im Konstanzer Bodenseestadion mit vielen nationalen und internationalen Mannschaften unser K\u00f6nnen in die Waagschale zu werfen.<\/p>\n<p>DJK Erlangen<br \/>\nLuis; Tim; Daniel; Hannes; Oliver; Benedikt; Ben; Arijan; Mike<\/p>\n<p>Tore:<br \/>\nMike (1); Benedikt (1); Arijan (1)<\/p>\n","protected":false},"excerpt":{"rendered":"<p>Zum letzten Spiel der Fr\u00fchjahrsrunde kreuzte heute unser bis zum Dienstag \u00e4rgster Verfolger, die SpVgg aus Uehlfeld am Wiesenweg auf.<\/p>\n","protected":false},"author":32,"featured_media":0,"comment_status":"open","ping_status":"closed","sticky":false,"template":"","format":"standard","meta":{"jetpack_post_was_ever_published":false,"_jetpack_newsletter_access":"","_jetpack_dont_email_post_to_subs":false,"_jetpack_newsletter_tier_id":0,"_jetpack_memberships_contains_paywalled_content":false,"_jetpack_memberships_contains_paid_content":false,"footnotes":"","jetpack_publicize_message":"","jetpack_publicize_feature_enabled":true,"jetpack_social_post_already_shared":true,"jetpack_social_options":{"image_generator_settings":{"template":"highway","default_image_id":0,"font":"","enabled":false},"version":2}},"categories":[1,8],"tags":[],"class_list":["post-10412","post","type-post","status-publish","format-standard","hentry","category-allgemein","category-u11-e1"],"jetpack_publicize_connections":[],"jetpack_featured_media_url":"","jetpack_shortlink":"https:\/\/wp.me\/p2ZUr0-2HW","jetpack_sharing_enabled":true,"_links":{"self":[{"href":"https:\/\/www.djk-erlangen.de\/fussball\/index.php?rest_route=\/wp\/v2\/posts\/10412","targetHints":{"allow":["GET"]}}],"collection":[{"href":"https:\/\/www.djk-erlangen.de\/fussball\/index.php?rest_route=\/wp\/v2\/posts"}],"about":[{"href":"https:\/\/www.djk-erlangen.de\/fussball\/index.php?rest_route=\/wp\/v2\/types\/post"}],"author":[{"embeddable":true,"href":"https:\/\/www.djk-erlangen.de\/fussball\/index.php?rest_route=\/wp\/v2\/users\/32"}],"replies":[{"embeddable":true,"href":"https:\/\/www.djk-erlangen.de\/fussball\/index.php?rest_route=%2Fwp%2Fv2%2Fcomments&post=10412"}],"version-history":[{"count":4,"href":"https:\/\/www.djk-erlangen.de\/fussball\/index.php?rest_route=\/wp\/v2\/posts\/10412\/revisions"}],"predecessor-version":[{"id":10415,"href":"https:\/\/www.djk-erlangen.de\/fussball\/index.php?rest_route=\/wp\/v2\/posts\/10412\/revisions\/10415"}],"wp:attachment":[{"href":"https:\/\/www.djk-erlangen.de\/fussball\/index.php?rest_route=%2Fwp%2Fv2%2Fmedia&parent=10412"}],"wp:term":[{"taxonomy":"category","embeddable":true,"href":"https:\/\/www.djk-erlangen.de\/fussball\/index.php?rest_route=%2Fwp%2Fv2%2Fcategories&post=10412"},{"taxonomy":"post_tag","embeddable":true,"href":"https:\/\/www.djk-erlangen.de\/fussball\/index.php?rest_route=%2Fwp%2Fv2%2Ftags&post=10412"}],"curies":[{"name":"wp","href":"https:\/\/api.w.org\/{rel}","templated":true}]}}