{"id":10399,"date":"2013-06-18T21:23:39","date_gmt":"2013-06-18T19:23:39","guid":{"rendered":"http:\/\/www.djk-erlangen.de\/fussball\/?p=10399"},"modified":"2013-06-25T20:01:14","modified_gmt":"2013-06-25T18:01:14","slug":"mission-erfullt-die-ei-hat-sich-vorzeitig-die-meisterschaft-gesichert","status":"publish","type":"post","link":"https:\/\/www.djk-erlangen.de\/fussball\/?p=10399","title":{"rendered":"&#8222;Mission erf\u00fcllt&#8220;: die E1 hat sich vorzeitig die Meisterschaft gesichert"},"content":{"rendered":"<p>Am heutigen Dienstag bestritten wir unser Nachholspiel beim BSC Erlangen.<\/p>\n<p><!--more--><\/p>\n<p>Kurz vor Spielbeginn wurden wir dar\u00fcber informiert, dass wir auf deren &#8222;W\u00fcste Gobi&#8220; antreten m\u00fcssen. Auch das W\u00e4ssern vor Spielbeginn erbrachte nicht die\u00a0<span style=\"line-height: 1.7em;\">gew\u00fcnschte Besserung des Gel\u00e4ufs.<\/span><br \/>\nWas wir dann erlebten, war ein abwechslungsreiches Spiel, in dem die Wiesenwegbuben leicht die Oberhand behielten und durch einen Gewaltschuss von Benedikt verdient in F\u00fchrung gingen.<br \/>\nIn der Folgezeit der Begegnung taten wir uns mit den widrigen Platzverh\u00e4ltnissen sehr schwer, konnten aber den knappen Vorsprung in die Pause retten.<\/p>\n<p>Im zweiten Spielabschnitt wollten wir dann die Entscheidung vorzeitig erzwingen und konnten durch Ben unmittelbar nach Wiederanpfiff auf 2:0 f\u00fcr die DJK erh\u00f6hen. In der Folgezeit der Partie\u00a0<span style=\"line-height: 1.7em;\">gelang uns durch Konstantin dann auch noch das 3:0.<\/span><\/p>\n<p>Mit diesem Vorsprung im R\u00fccken lie\u00dfen wir die Z\u00fcgel etwas schleifen und die Kicker von der Schallershofer Stra\u00dfe konnten etwas gl\u00fccklich auf 1:3 verk\u00fcrzen.<br \/>\nJetzt begann das gro\u00dfe Zittern um die schon fast sichere Meisterschaft. Vor allem als 2 Minuten vor Schluss die BSC-Kicker eine Unachtsamkeit in unseren Reihen nutzten, um auf 2:3 zu verk\u00fcrzen.<\/p>\n<p><!--[if !mso]>\n\n\n\n<style>\nv\\:* {behavior:url(#default#VML);}\no\\:* {behavior:url(#default#VML);}\nw\\:* {behavior:url(#default#VML);}\n.shape {behavior:url(#default#VML);}\n<\/style>\n\n<![endif]--><\/p>\n<p><!--[if gte mso 9]><xml>\n<o:OfficeDocumentSettings>\n<o:AllowPNG\/>\n<\/o:OfficeDocumentSettings>\n<\/xml><![endif]-->Der Schlusspfiff kam dann wie eine Erl\u00f6sung f\u00fcr uns alle und die Mission war erf\u00fcllt! Die E1 der DJK konnte vor dem finalen Spiel gegen Uehlfeld die Meisterschaft perfekt machen.<\/p>\n<p><a href=\"http:\/\/www.djk-erlangen.de\/fussball\/wp-content\/uploads\/2013\/06\/IMG_0401.jpg\"><img loading=\"lazy\" decoding=\"async\" class=\"aligncenter size-medium wp-image-10400\" alt=\"IMG_0401\" src=\"http:\/\/www.djk-erlangen.de\/fussball\/wp-content\/uploads\/2013\/06\/IMG_0401-225x300.jpg\" width=\"225\" height=\"300\" srcset=\"https:\/\/www.djk-erlangen.de\/fussball\/wp-content\/uploads\/2013\/06\/IMG_0401-225x300.jpg 225w, https:\/\/www.djk-erlangen.de\/fussball\/wp-content\/uploads\/2013\/06\/IMG_0401-112x150.jpg 112w, https:\/\/www.djk-erlangen.de\/fussball\/wp-content\/uploads\/2013\/06\/IMG_0401.jpg 600w\" sizes=\"auto, (max-width: 225px) 100vw, 225px\" \/><\/a><\/p>\n<p>Herzlichen Gl\u00fcckwunsch Jungs! Wenn wir jetzt noch das letzte Heimspiel gewinnen, dann sind wir sogar verlustpunktfrei Meister.<\/p>\n<p>Ein gro\u00dfer Dank auch an unsere Sponsoren und nat\u00fcrlich auch unser Fans f\u00fcr die zahlreiche Unterst\u00fctzung. Wir sind stolz auf Euch!!<\/p>\n<p><a href=\"http:\/\/www.djk-erlangen.de\/fussball\/wp-content\/uploads\/2013\/06\/1015859_399003143543159_39393664_o.jpg\"><img loading=\"lazy\" decoding=\"async\" class=\"aligncenter size-medium wp-image-10406\" alt=\"1015859_399003143543159_39393664_o\" src=\"http:\/\/www.djk-erlangen.de\/fussball\/wp-content\/uploads\/2013\/06\/1015859_399003143543159_39393664_o-300x179.jpg\" width=\"300\" height=\"179\" srcset=\"https:\/\/www.djk-erlangen.de\/fussball\/wp-content\/uploads\/2013\/06\/1015859_399003143543159_39393664_o-300x179.jpg 300w, https:\/\/www.djk-erlangen.de\/fussball\/wp-content\/uploads\/2013\/06\/1015859_399003143543159_39393664_o-150x89.jpg 150w, https:\/\/www.djk-erlangen.de\/fussball\/wp-content\/uploads\/2013\/06\/1015859_399003143543159_39393664_o-1024x612.jpg 1024w, https:\/\/www.djk-erlangen.de\/fussball\/wp-content\/uploads\/2013\/06\/1015859_399003143543159_39393664_o.jpg 1632w\" sizes=\"auto, (max-width: 300px) 100vw, 300px\" \/><\/a><\/p>\n<p><a href=\"http:\/\/www.djk-erlangen.de\/fussball\/wp-content\/uploads\/2013\/06\/IMG_0402.jpg\"><img loading=\"lazy\" decoding=\"async\" class=\"aligncenter size-medium wp-image-10401\" alt=\"IMG_0402\" src=\"http:\/\/www.djk-erlangen.de\/fussball\/wp-content\/uploads\/2013\/06\/IMG_0402-300x225.jpg\" width=\"300\" height=\"225\" srcset=\"https:\/\/www.djk-erlangen.de\/fussball\/wp-content\/uploads\/2013\/06\/IMG_0402-300x225.jpg 300w, https:\/\/www.djk-erlangen.de\/fussball\/wp-content\/uploads\/2013\/06\/IMG_0402-150x112.jpg 150w, https:\/\/www.djk-erlangen.de\/fussball\/wp-content\/uploads\/2013\/06\/IMG_0402.jpg 800w\" sizes=\"auto, (max-width: 300px) 100vw, 300px\" \/><\/a><a href=\"http:\/\/www.djk-erlangen.de\/fussball\/wp-content\/uploads\/2013\/06\/IMG_0404.jpg\"><img loading=\"lazy\" decoding=\"async\" class=\"aligncenter size-medium wp-image-10403\" alt=\"IMG_0404\" src=\"http:\/\/www.djk-erlangen.de\/fussball\/wp-content\/uploads\/2013\/06\/IMG_0404-300x225.jpg\" width=\"300\" height=\"225\" srcset=\"https:\/\/www.djk-erlangen.de\/fussball\/wp-content\/uploads\/2013\/06\/IMG_0404-300x225.jpg 300w, https:\/\/www.djk-erlangen.de\/fussball\/wp-content\/uploads\/2013\/06\/IMG_0404-150x112.jpg 150w, https:\/\/www.djk-erlangen.de\/fussball\/wp-content\/uploads\/2013\/06\/IMG_0404.jpg 800w\" sizes=\"auto, (max-width: 300px) 100vw, 300px\" \/><\/a><\/p>\n<p>&nbsp;<\/p>\n<p><a href=\"http:\/\/www.djk-erlangen.de\/fussball\/wp-content\/uploads\/2013\/06\/IMG_0403.jpg\"><img loading=\"lazy\" decoding=\"async\" class=\"aligncenter size-medium wp-image-10402\" alt=\"IMG_0403\" src=\"http:\/\/www.djk-erlangen.de\/fussball\/wp-content\/uploads\/2013\/06\/IMG_0403-225x300.jpg\" width=\"225\" height=\"300\" srcset=\"https:\/\/www.djk-erlangen.de\/fussball\/wp-content\/uploads\/2013\/06\/IMG_0403-225x300.jpg 225w, https:\/\/www.djk-erlangen.de\/fussball\/wp-content\/uploads\/2013\/06\/IMG_0403-112x150.jpg 112w, https:\/\/www.djk-erlangen.de\/fussball\/wp-content\/uploads\/2013\/06\/IMG_0403.jpg 600w\" sizes=\"auto, (max-width: 225px) 100vw, 225px\" \/><\/a><\/p>\n<p>&nbsp;<\/p>\n<p>DJK Erlangen<br \/>\nLuis; Tim; Daniel; Hannes; Oliver; Konstantin; Benedikt; Ben; Arijan, Mike; Timm<\/p>\n<p>Tore:<br \/>\nBenedikt (1); Ben (1); Konstantin (1)<\/p>\n","protected":false},"excerpt":{"rendered":"<p>Am heutigen Dienstag bestritten wir unser Nachholspiel beim BSC Erlangen.<\/p>\n","protected":false},"author":32,"featured_media":0,"comment_status":"open","ping_status":"closed","sticky":false,"template":"","format":"standard","meta":{"jetpack_post_was_ever_published":false,"_jetpack_newsletter_access":"","_jetpack_dont_email_post_to_subs":false,"_jetpack_newsletter_tier_id":0,"_jetpack_memberships_contains_paywalled_content":false,"_jetpack_memberships_contains_paid_content":false,"footnotes":"","jetpack_publicize_message":"","jetpack_publicize_feature_enabled":true,"jetpack_social_post_already_shared":true,"jetpack_social_options":{"image_generator_settings":{"template":"highway","default_image_id":0,"font":"","enabled":false},"version":2}},"categories":[1,8],"tags":[],"class_list":["post-10399","post","type-post","status-publish","format-standard","hentry","category-allgemein","category-u11-e1"],"jetpack_publicize_connections":[],"jetpack_featured_media_url":"","jetpack_shortlink":"https:\/\/wp.me\/p2ZUr0-2HJ","jetpack_sharing_enabled":true,"_links":{"self":[{"href":"https:\/\/www.djk-erlangen.de\/fussball\/index.php?rest_route=\/wp\/v2\/posts\/10399","targetHints":{"allow":["GET"]}}],"collection":[{"href":"https:\/\/www.djk-erlangen.de\/fussball\/index.php?rest_route=\/wp\/v2\/posts"}],"about":[{"href":"https:\/\/www.djk-erlangen.de\/fussball\/index.php?rest_route=\/wp\/v2\/types\/post"}],"author":[{"embeddable":true,"href":"https:\/\/www.djk-erlangen.de\/fussball\/index.php?rest_route=\/wp\/v2\/users\/32"}],"replies":[{"embeddable":true,"href":"https:\/\/www.djk-erlangen.de\/fussball\/index.php?rest_route=%2Fwp%2Fv2%2Fcomments&post=10399"}],"version-history":[{"count":4,"href":"https:\/\/www.djk-erlangen.de\/fussball\/index.php?rest_route=\/wp\/v2\/posts\/10399\/revisions"}],"predecessor-version":[{"id":10470,"href":"https:\/\/www.djk-erlangen.de\/fussball\/index.php?rest_route=\/wp\/v2\/posts\/10399\/revisions\/10470"}],"wp:attachment":[{"href":"https:\/\/www.djk-erlangen.de\/fussball\/index.php?rest_route=%2Fwp%2Fv2%2Fmedia&parent=10399"}],"wp:term":[{"taxonomy":"category","embeddable":true,"href":"https:\/\/www.djk-erlangen.de\/fussball\/index.php?rest_route=%2Fwp%2Fv2%2Fcategories&post=10399"},{"taxonomy":"post_tag","embeddable":true,"href":"https:\/\/www.djk-erlangen.de\/fussball\/index.php?rest_route=%2Fwp%2Fv2%2Ftags&post=10399"}],"curies":[{"name":"wp","href":"https:\/\/api.w.org\/{rel}","templated":true}]}}