{"id":10371,"date":"2013-06-14T22:06:18","date_gmt":"2013-06-14T20:06:18","guid":{"rendered":"http:\/\/www.djk-erlangen.de\/fussball\/?p=10371"},"modified":"2013-06-18T11:15:44","modified_gmt":"2013-06-18T09:15:44","slug":"e2-beendet-saisaon-mit-einem-hart-umpampften-match","status":"publish","type":"post","link":"https:\/\/www.djk-erlangen.de\/fussball\/?p=10371","title":{"rendered":"E2 beendet Saison mit einem hart umk\u00e4mpften Match"},"content":{"rendered":"<p>Heute ging es zu unserem letzten Saisonspiel nach Herzogenaurach zur E2 (dachten wir zumindest). Doch welch Wunder, in der Hinrunde sah die Mannschaft doch deutlich anders aus.\u00a0Die Verantwortlichen werden sicher wissen warum, erlebt hatten wir so ein Verhalten bei dem Gegner bisher noch nicht.\u00a0Kompensieren mussten wir zudem noch den\u00a0Ausfall unseres Kapit\u00e4ns und Abwehrchefs\u00a0Jojo.<\/p>\n<p><!--more-->Gleich zu Anfang versuchten uns die Gastgeber geh\u00f6rig unter Druck zu setzen, doch das gelang nur bedingt. In der 3. Minute ein Konter von uns, der Keeper\u00a0lie\u00df\u00a0den Schuss von Manu abprallen und Rick staubte sauber zur 0:1-F\u00fchrung ab. Doch unsere Gastgeber zeigten sich recht wenig beeindruckt und versuchten munter weiter, uns unter Druck zu setzen. Doch in der eigenen H\u00e4lfte erk\u00e4mpfte sich Rick den Ball und mit einem weiten Zuckerpass nach vorn auf Manu, lupfte dieser den Ball \u00fcber den herauseilenden Torwart zum 0:2 in die Maschen. Da schrieben wir die 8. Minute und die Freude der mitgereisten Anh\u00e4nger kannte keine Grenzen. Doch dann schafften es die Gastgeber, unsere Schw\u00e4chen in der Defensive wiederholt effizient auszunutzen. So kassierten wir bis zur Pause noch 3 \u00e4rgerliche Treffer und gingen mit einem 3:2-R\u00fcckstand in die Kabine.<\/p>\n<p>Nach dem Wiederanpfiff ging es in den ersten 5 Minuten genau so ungl\u00fccklich weiter und wir kassierten 2 weitere bittere Gegentreffer. Aber unsere Jungs\u00a0dachten heute\u00a0nicht mal ans Aufgeben. Es wurde der Kampf angenommen. So kl\u00e4rte der gegnerische Keeper u.a. einen fulminanten Schuss von Rick aus dem Mittelkreis\u00a0in h\u00f6chster Not zur Ecke. Kurz danach war Rick erfolgreicher und\u00a0verk\u00fcrzte auf 3:5. Eine weitere\u00a0Minute sp\u00e4ter traf Flo zum 4:5. Jetzt war Stimmung in der Bude! Nun st\u00fcrmten unsere Jungs weiter und wollten unbedingt den Ausgleich. Als wir\u00a05 Min. vor Schluss einen Konter fingen, stand es leider 6:4. Danach lie\u00df die Konzentration stark nach und so bekamen wir in den letzten 2 Minuten noch 2 weitere Gegentreffer, einer davon nach einem fetten Patzer beim versuchten R\u00fcckpass zum Keeper.<\/p>\n<p>Am Ende stand ein Ergebnis von 8:4 auf dem Spielbericht, was in keinster Weise die Kr\u00e4fteverh\u00e4ltnisse des Spieles widerspiegelt. Die mitgereisten Zuschauer sahen heute &#8211; zumindest\u00a0in der Offensive &#8211; die beste Saisonleistung unserer Mannschaft.\u00a0Ganz stark waren heute unser Alex, der Jojos Position nach leichten Anfangsschw\u00e4chen sehr gut ausf\u00fcllte, Manu der heute immer gef\u00e4hrlich und lauffreudig war, sowie unser Rick, der die Gegner sehr zur Freude der DJK-Zuschauer ein ums andere Mal narrte und extrem lauffreudig auftrat. So haben wir uns heute nach hartem Kampf der, ja wem nun eigentlich, ich nenne sie mal E1,5 des 1.FC Herzogenaurach geschlagen geben m\u00fcssen. Wir sind gespannt, welches Team uns in knapp 2 Wochen zum\u00a0Kreispokal erwartet.<\/p>\n<p>Wir stehen nun mit den bisher meisten erzielten Toren auf Rang 3 der Tabelle, leider auch mit den zweitmeisten Gegentreffern. Daran sieht man, wo\u00a0unsere St\u00e4rken und Schw\u00e4chen in dieser Saison liegen.<\/p>\n<p>&nbsp;<\/p>\n<p>DJK Aufgebot:<\/p>\n<p>Koray, Alex, Dominik, Florian, Ermal, Rick, Manu, Jonas, David und Lino<\/p>\n<p>&nbsp;<\/p>\n<p>Tore:<\/p>\n<p>Rick (2), Manu (1), Florian (1)<\/p>\n","protected":false},"excerpt":{"rendered":"<p>Heute ging es zu unserem letzten Saisonspiel nach Herzogenaurach zur E2 (dachten wir zumindest). Doch welch Wunder, in der Hinrunde sah die Mannschaft doch deutlich anders aus.\u00a0Die Verantwortlichen werden sicher wissen warum, erlebt hatten wir so ein Verhalten bei dem &hellip; <a href=\"https:\/\/www.djk-erlangen.de\/fussball\/?p=10371\">Weiterlesen <span class=\"meta-nav\">&rarr;<\/span><\/a><\/p>\n","protected":false},"author":35,"featured_media":0,"comment_status":"open","ping_status":"closed","sticky":false,"template":"","format":"standard","meta":{"jetpack_post_was_ever_published":false,"_jetpack_newsletter_access":"","_jetpack_dont_email_post_to_subs":false,"_jetpack_newsletter_tier_id":0,"_jetpack_memberships_contains_paywalled_content":false,"_jetpack_memberships_contains_paid_content":false,"footnotes":"","jetpack_publicize_message":"","jetpack_publicize_feature_enabled":true,"jetpack_social_post_already_shared":true,"jetpack_social_options":{"image_generator_settings":{"template":"highway","default_image_id":0,"font":"","enabled":false},"version":2}},"categories":[26],"tags":[],"class_list":["post-10371","post","type-post","status-publish","format-standard","hentry","category-u11-e2"],"jetpack_publicize_connections":[],"jetpack_featured_media_url":"","jetpack_shortlink":"https:\/\/wp.me\/p2ZUr0-2Hh","jetpack_sharing_enabled":true,"_links":{"self":[{"href":"https:\/\/www.djk-erlangen.de\/fussball\/index.php?rest_route=\/wp\/v2\/posts\/10371","targetHints":{"allow":["GET"]}}],"collection":[{"href":"https:\/\/www.djk-erlangen.de\/fussball\/index.php?rest_route=\/wp\/v2\/posts"}],"about":[{"href":"https:\/\/www.djk-erlangen.de\/fussball\/index.php?rest_route=\/wp\/v2\/types\/post"}],"author":[{"embeddable":true,"href":"https:\/\/www.djk-erlangen.de\/fussball\/index.php?rest_route=\/wp\/v2\/users\/35"}],"replies":[{"embeddable":true,"href":"https:\/\/www.djk-erlangen.de\/fussball\/index.php?rest_route=%2Fwp%2Fv2%2Fcomments&post=10371"}],"version-history":[{"count":9,"href":"https:\/\/www.djk-erlangen.de\/fussball\/index.php?rest_route=\/wp\/v2\/posts\/10371\/revisions"}],"predecessor-version":[{"id":10395,"href":"https:\/\/www.djk-erlangen.de\/fussball\/index.php?rest_route=\/wp\/v2\/posts\/10371\/revisions\/10395"}],"wp:attachment":[{"href":"https:\/\/www.djk-erlangen.de\/fussball\/index.php?rest_route=%2Fwp%2Fv2%2Fmedia&parent=10371"}],"wp:term":[{"taxonomy":"category","embeddable":true,"href":"https:\/\/www.djk-erlangen.de\/fussball\/index.php?rest_route=%2Fwp%2Fv2%2Fcategories&post=10371"},{"taxonomy":"post_tag","embeddable":true,"href":"https:\/\/www.djk-erlangen.de\/fussball\/index.php?rest_route=%2Fwp%2Fv2%2Ftags&post=10371"}],"curies":[{"name":"wp","href":"https:\/\/api.w.org\/{rel}","templated":true}]}}