{"id":10355,"date":"2013-06-11T23:50:30","date_gmt":"2013-06-11T21:50:30","guid":{"rendered":"http:\/\/www.djk-erlangen.de\/fussball\/?p=10355"},"modified":"2013-06-12T00:20:59","modified_gmt":"2013-06-11T22:20:59","slug":"schritt-fur-schritt-zur-mission","status":"publish","type":"post","link":"https:\/\/www.djk-erlangen.de\/fussball\/?p=10355","title":{"rendered":"Schritt f\u00fcr Schritt zur Mission"},"content":{"rendered":"<p>Am heutigen Fr\u00fchabend konnten wir mit 8t\u00e4giger Versp\u00e4tung unser Nachholspiel gegen die Jungs vom VdS Spardorf endlich durchf\u00fchren. P\u00fcnktlich zum Spielbeginn kam auch ein seltenes<br \/>\nGesch\u00f6pf &#8222;Die Sonne&#8220; zum Vorschein.<\/p>\n<p><!--more--><\/p>\n<p>Nachdem unser Erfolgtrainer Rainer mit der dargebotenen Leistung im zweiten Spielabschnitt vom vergangenen Freitag in Herzogenaurach nicht zufrieden war, wurde der Treffpunkt kurzfristig vorverlegt, um den Jungs die Sachlage vor Augen zu f\u00fchren.<\/p>\n<p>Diese Andacht vor Spielbeginn haben sich die Wiesenwegbuben dann auch zu Herzen genommen und agierten mit dem Anpfiff sehr konzentriert und waren bem\u00fcht schnell dem Spiel unseren Stempel zu verpassen. Bereits nach 85 Sekunden war es dann soweit und unser Ari konnte nach gef\u00fchlvollem Pa\u00df von Konstantin zur 1:0 F\u00fchrung vollstrecken. Im weiteren Verlauf des Spieles sortierten sich die VdS Kicker mit immer mehr Beinen in die eigene Defensive und erschwerten uns somit den direkten Weg zum Tor. Diese Vielbeinigkeit der G\u00e4ste sorgte diesmal nicht f\u00fcr Ratlosigkeit in unseren Reihen sondern vielmehr wurde mit der fr\u00fchen F\u00fchrung im R\u00fccken das Passspiel vorsiert. So dauerte es bis zur 13. Minute, ehe erneut Ari nach sch\u00f6nem Pa\u00df von Mike die Seinigen mit 2:0 in F\u00fchrung brachte.<br \/>\nDurch diesen Gegentreffer zogen sich die G\u00e4ste noch weiter zur\u00fcck und verteidigten vortan nur noch im eigenen Strafraum. Dadurch wurden die R\u00e4ume f\u00fcr die Wiesenwegbuben noch enger! Aber man hat ja aus den vergangenen Partien gelernt. So war es Mike -nach einer l\u00e4ngeren Verletzungspause vorbehalten &#8211; nach einer sch\u00f6nen Flanke von Benedikt mit einem sehenswerten Seitfallzieher in der 17. Spielminute auf 3:0 zu erh\u00f6hen.<\/p>\n<p>Ein weiterer Langzeitverletzter der in seinem zweiten Spiel nach der Zwangspause immer besser in Tritt kommt legte den Ball unserem &#8222;Capitano Oli schulbuchm\u00e4\u00dfig in den Lauf soda\u00df dieser endlich zu seinem ersehnten Erfolgserlebnis kam. Danke Hannes da\u00df auch Du wieder zur\u00fcck bist!<\/p>\n<p>Mit dieser tiefenentspannten und verdienten F\u00fchrung im R\u00fccken wechselte man auch die Seiten.<\/p>\n<p>Nachdem unser Torh\u00fcter im ersten Spielabschnitt nahezu besch\u00e4ftigungslos war, hatte unser Trainer ein Einsehen und erl\u00f6ste diesen von seiner angestammten Position.<\/p>\n<p>Der zweite Spielabschnitt war dann wahrscheinlich eine Reaktion der Mannschaft auf die Spielweise vom vergangenen Freitag.<\/p>\n<p>Nicht mal 2 Minuten waren gespielt und der immer wieder agile Ben tankte sich auf der rechten Au\u00dfenbahn durch und konnte von der Grundlinie musterg\u00fcltig den Ball in den Strafraum flanken. Dort stand unser Kopfballungeheuer Arijan goldrichtig und unser Blondk\u00f6pfchen nickte die Kugel unhaltbar f\u00fcr des Gegners Torh\u00fcter zum 5:0 f\u00fcr die Wiesenwegkanoniere ein.<\/p>\n<p>Anscheinend wollte der Gast aus Spardorf nochmal die nichtvorhandene Zeitlupe revue passieren lassen. Der n\u00e4chste Treffer erfolgte genau in der selben Spielkombination. Dieser spielerische Doppelpack im gesamten Spielgeschehen war dann doch etwas zu viel und so bedanken wir uns f\u00fcr den n\u00e4chsten Treffer bei den Sportfreunden aus Spardorf, die wahrscheinlich gedanklich die beiden vorherigen Gegentore noch nicht verdaut hatten.<\/p>\n<p>So stand es nach 35. Spielminuten bereits 7:0 f\u00fcr die Wiesenwegkicker. Unser etatm\u00e4\u00dfiger Torw\u00e4chter durfte jetzt auch Feldspielathmosph\u00e4re schnuppern und stand beim n\u00e4chsten Treffer goldrichtig! 8:0 f\u00fcr die Wiesenwegbomber.<\/p>\n<p>Anscheinend war die Freude \u00fcber das Tor des eigentlichen H\u00fcters so gro\u00df, da\u00df wir vor lauter Feierlichkeiten einen Gegentreffer kassierten. Bumms stand es aus heiterem Himmel 8:1.<br \/>\nF\u00fcr den alten Abstand sorgte dann der heute, stark verbesserte Mike durch einen sehenswerten Alleingang zum 9:1 in der 44. Spielminute.<\/p>\n<p>Dieser Treffer sorgte irgendwie f\u00fcr eine Befreiung bei dem Spieler, der vortan auch mal den Ball forderte und seine Qualit\u00e4t unter Beweis stellte. Eine spielerische Einzelleistung mit dem Blick f\u00fcr den besser positionierten Mitspieler sogte mit dem finalen Pa\u00df auf den Punkt wo ein St\u00fcrmer stehen mu\u00df, durch Luis f\u00fcr das 10:1. Dieses mannschaftsdienliche Denken belohnte sich Mike nach einem Abpraller von Buffalo mit seinem 3ten Treffer.<\/p>\n<p>F\u00fcr den Schlu\u00dfpunkt dieser Begegnung sorgte dann Buffalo himself mit dem 12:1 Endstand.<\/p>\n<p>Bester Vorlagengeber ist Ben nicht nur heute!<\/p>\n<p>Somit sind wir absolut im Soll und k\u00f6nnen am kommenden Samstag mit einem Ausw\u00e4rtsdreier beim BSC eine erfolgreiche Mission mit dem Meistertitel kr\u00f6nen.<\/p>\n<p>Wir z\u00e4hlen auf Eure Unterst\u00fctzung<\/p>\n<p>DJK Aufgebot:<br \/>\n(Luis); (Tim); Daniel; Hannes; Oliver; Konstantin; B\u00fcffel; Ben; Arijan; Mike; Timm<\/p>\n<p>Tore:<br \/>\nArijan (4); Mike (3); Luis (2); Oliver (1) Benedikt (1) ET (1)<\/p>\n","protected":false},"excerpt":{"rendered":"<p>Am heutigen Fr\u00fchabend konnten wir mit 8t\u00e4giger Versp\u00e4tung unser Nachholspiel gegen die Jungs vom VdS Spardorf endlich durchf\u00fchren. P\u00fcnktlich zum Spielbeginn kam auch ein seltenes Gesch\u00f6pf &#8222;Die Sonne&#8220; zum Vorschein.<\/p>\n","protected":false},"author":32,"featured_media":0,"comment_status":"open","ping_status":"closed","sticky":false,"template":"","format":"standard","meta":{"jetpack_post_was_ever_published":false,"_jetpack_newsletter_access":"","_jetpack_dont_email_post_to_subs":false,"_jetpack_newsletter_tier_id":0,"_jetpack_memberships_contains_paywalled_content":false,"_jetpack_memberships_contains_paid_content":false,"footnotes":"","jetpack_publicize_message":"","jetpack_publicize_feature_enabled":true,"jetpack_social_post_already_shared":true,"jetpack_social_options":{"image_generator_settings":{"template":"highway","default_image_id":0,"font":"","enabled":false},"version":2}},"categories":[1,8],"tags":[],"class_list":["post-10355","post","type-post","status-publish","format-standard","hentry","category-allgemein","category-u11-e1"],"jetpack_publicize_connections":[],"jetpack_featured_media_url":"","jetpack_shortlink":"https:\/\/wp.me\/p2ZUr0-2H1","jetpack_sharing_enabled":true,"_links":{"self":[{"href":"https:\/\/www.djk-erlangen.de\/fussball\/index.php?rest_route=\/wp\/v2\/posts\/10355","targetHints":{"allow":["GET"]}}],"collection":[{"href":"https:\/\/www.djk-erlangen.de\/fussball\/index.php?rest_route=\/wp\/v2\/posts"}],"about":[{"href":"https:\/\/www.djk-erlangen.de\/fussball\/index.php?rest_route=\/wp\/v2\/types\/post"}],"author":[{"embeddable":true,"href":"https:\/\/www.djk-erlangen.de\/fussball\/index.php?rest_route=\/wp\/v2\/users\/32"}],"replies":[{"embeddable":true,"href":"https:\/\/www.djk-erlangen.de\/fussball\/index.php?rest_route=%2Fwp%2Fv2%2Fcomments&post=10355"}],"version-history":[{"count":5,"href":"https:\/\/www.djk-erlangen.de\/fussball\/index.php?rest_route=\/wp\/v2\/posts\/10355\/revisions"}],"predecessor-version":[{"id":10358,"href":"https:\/\/www.djk-erlangen.de\/fussball\/index.php?rest_route=\/wp\/v2\/posts\/10355\/revisions\/10358"}],"wp:attachment":[{"href":"https:\/\/www.djk-erlangen.de\/fussball\/index.php?rest_route=%2Fwp%2Fv2%2Fmedia&parent=10355"}],"wp:term":[{"taxonomy":"category","embeddable":true,"href":"https:\/\/www.djk-erlangen.de\/fussball\/index.php?rest_route=%2Fwp%2Fv2%2Fcategories&post=10355"},{"taxonomy":"post_tag","embeddable":true,"href":"https:\/\/www.djk-erlangen.de\/fussball\/index.php?rest_route=%2Fwp%2Fv2%2Ftags&post=10355"}],"curies":[{"name":"wp","href":"https:\/\/api.w.org\/{rel}","templated":true}]}}