{"id":10304,"date":"2013-06-01T10:56:19","date_gmt":"2013-06-01T08:56:19","guid":{"rendered":"http:\/\/www.djk-erlangen.de\/fussball\/?p=10304"},"modified":"2013-06-01T17:10:14","modified_gmt":"2013-06-01T15:10:14","slug":"super-star-soccer-fupballcamp-war-ein-groser-erfolg","status":"publish","type":"post","link":"https:\/\/www.djk-erlangen.de\/fussball\/?p=10304","title":{"rendered":"Super Star Soccer Fu\u00dfballcamp war ein gro\u00dfer Erfolg"},"content":{"rendered":"<p><span class=\"userContent\">Das Fu\u00dfballcamp 2013 ist leider vorbei! Wir h\u00e4tten gerne noch eine Verl\u00e4ngerungswoche gebucht!<br \/>\nDen Kindern hat es riesen Spa\u00df gemacht und auch mit dem Wetter hatten wir letztendlich ganz gro\u00dfes Gl\u00fcck. Dem Fu\u00dfballgott sei Dank!<\/span><\/p>\n<p><span class=\"userContent\">Uns hat es allen wieder gro\u00dfe Freude bereitet, als DJK Erlangen Eure Gastgeber sein zu d\u00fcrfen! <\/span><\/p>\n<p><span class=\"userContent\"><!--more--><br \/>\nAuch freuen wir uns schon heute riesig auf das SSS Camp 2014.<br \/>\nZum Vormerken hier schon mal der Termin: 16.06. &#8211; 20.06.14<\/span><\/p>\n<p>An dieser Stelle m\u00f6chten wir uns <span class=\"text_exposed_show\">bei den Trainern Latte, Ebu, Yannik, Hansi, Schlauchi und dem Campleiter Wursti ganz herzlich bedanken. Ihr seid ein Super Star Soccer Team!!!<\/span><\/p>\n<p><span class=\"userContent\"><span class=\"text_exposed_show\"><a href=\"http:\/\/www.djk-erlangen.de\/fussball\/wp-content\/uploads\/2013\/06\/IMG_0328.jpg\"><img loading=\"lazy\" decoding=\"async\" class=\"aligncenter size-medium wp-image-10305\" alt=\"IMG_0328\" src=\"http:\/\/www.djk-erlangen.de\/fussball\/wp-content\/uploads\/2013\/06\/IMG_0328-300x228.jpg\" width=\"300\" height=\"228\" srcset=\"https:\/\/www.djk-erlangen.de\/fussball\/wp-content\/uploads\/2013\/06\/IMG_0328-300x228.jpg 300w, https:\/\/www.djk-erlangen.de\/fussball\/wp-content\/uploads\/2013\/06\/IMG_0328-150x114.jpg 150w, https:\/\/www.djk-erlangen.de\/fussball\/wp-content\/uploads\/2013\/06\/IMG_0328-1024x780.jpg 1024w, https:\/\/www.djk-erlangen.de\/fussball\/wp-content\/uploads\/2013\/06\/IMG_0328.jpg 1607w\" sizes=\"auto, (max-width: 300px) 100vw, 300px\" \/><\/a><\/span><\/span><\/p>\n<p>Ein Dankesch\u00f6n geht nat\u00fcrlich auch an unsere Helferinnen und Helfer, ohne die eine solche Veranstaltung nicht m\u00f6glich ist.<br \/>\nVielen Dank liebe Dani, Jacqueline, Nicole, Ulli, Uta, Steffi, Frau Waldh\u00fctter, Beate und nicht zu vergessen unsere Ingrid!<\/p>\n<p>Danke auch den Grillmeistern Thorsten und Gebbi sowie unserem heimlich stillen Hausmeister Bernhard!<\/p>\n<p>Die DJK Erlangen sagt Danke f\u00fcr dieses tolle Event!<br \/>\nAuf geht\u00b4s 2014!<\/p>\n","protected":false},"excerpt":{"rendered":"<p>Das Fu\u00dfballcamp 2013 ist leider vorbei! Wir h\u00e4tten gerne noch eine Verl\u00e4ngerungswoche gebucht! Den Kindern hat es riesen Spa\u00df gemacht und auch mit dem Wetter hatten wir letztendlich ganz gro\u00dfes Gl\u00fcck. Dem Fu\u00dfballgott sei Dank! Uns hat es allen wieder &hellip; <a href=\"https:\/\/www.djk-erlangen.de\/fussball\/?p=10304\">Weiterlesen <span class=\"meta-nav\">&rarr;<\/span><\/a><\/p>\n","protected":false},"author":32,"featured_media":0,"comment_status":"open","ping_status":"closed","sticky":false,"template":"","format":"standard","meta":{"jetpack_post_was_ever_published":false,"_jetpack_newsletter_access":"","_jetpack_dont_email_post_to_subs":false,"_jetpack_newsletter_tier_id":0,"_jetpack_memberships_contains_paywalled_content":false,"_jetpack_memberships_contains_paid_content":false,"footnotes":"","jetpack_publicize_message":"","jetpack_publicize_feature_enabled":true,"jetpack_social_post_already_shared":true,"jetpack_social_options":{"image_generator_settings":{"template":"highway","default_image_id":0,"font":"","enabled":false},"version":2}},"categories":[1],"tags":[],"class_list":["post-10304","post","type-post","status-publish","format-standard","hentry","category-allgemein"],"jetpack_publicize_connections":[],"jetpack_featured_media_url":"","jetpack_shortlink":"https:\/\/wp.me\/p2ZUr0-2Gc","jetpack_sharing_enabled":true,"_links":{"self":[{"href":"https:\/\/www.djk-erlangen.de\/fussball\/index.php?rest_route=\/wp\/v2\/posts\/10304","targetHints":{"allow":["GET"]}}],"collection":[{"href":"https:\/\/www.djk-erlangen.de\/fussball\/index.php?rest_route=\/wp\/v2\/posts"}],"about":[{"href":"https:\/\/www.djk-erlangen.de\/fussball\/index.php?rest_route=\/wp\/v2\/types\/post"}],"author":[{"embeddable":true,"href":"https:\/\/www.djk-erlangen.de\/fussball\/index.php?rest_route=\/wp\/v2\/users\/32"}],"replies":[{"embeddable":true,"href":"https:\/\/www.djk-erlangen.de\/fussball\/index.php?rest_route=%2Fwp%2Fv2%2Fcomments&post=10304"}],"version-history":[{"count":3,"href":"https:\/\/www.djk-erlangen.de\/fussball\/index.php?rest_route=\/wp\/v2\/posts\/10304\/revisions"}],"predecessor-version":[{"id":10309,"href":"https:\/\/www.djk-erlangen.de\/fussball\/index.php?rest_route=\/wp\/v2\/posts\/10304\/revisions\/10309"}],"wp:attachment":[{"href":"https:\/\/www.djk-erlangen.de\/fussball\/index.php?rest_route=%2Fwp%2Fv2%2Fmedia&parent=10304"}],"wp:term":[{"taxonomy":"category","embeddable":true,"href":"https:\/\/www.djk-erlangen.de\/fussball\/index.php?rest_route=%2Fwp%2Fv2%2Fcategories&post=10304"},{"taxonomy":"post_tag","embeddable":true,"href":"https:\/\/www.djk-erlangen.de\/fussball\/index.php?rest_route=%2Fwp%2Fv2%2Ftags&post=10304"}],"curies":[{"name":"wp","href":"https:\/\/api.w.org\/{rel}","templated":true}]}}