{"id":10215,"date":"2013-05-04T20:38:44","date_gmt":"2013-05-04T18:38:44","guid":{"rendered":"http:\/\/www.djk-erlangen.de\/fussball\/?p=10215"},"modified":"2013-05-05T11:38:26","modified_gmt":"2013-05-05T09:38:26","slug":"derbyfieber-im-wiesengrund","status":"publish","type":"post","link":"https:\/\/www.djk-erlangen.de\/fussball\/?p=10215","title":{"rendered":"Derbyfieber im Wiesengrund"},"content":{"rendered":"<p>Am 4 Spieltag der noch jungen Saison kam es heute zum Derby gegen die Siedlerkicker vom BSC Erlangen. Der m\u00f6chtegern Verantwortliche der G\u00e4ste suchte dann vor Spielbeginn das Haar in der Suppe und sorgte somit schon vor dem Anpfiff\u00a0 f\u00fcr reichlich gute Stimmung am proppenvollen DJK Gel\u00e4nde.<\/p>\n<p><!--more--><\/p>\n<p>Nach einer viertelst\u00fcndigen Kabinenansprache ging man voll konzentriert in das Derby. Der BSC stand sehr tief und lauerte auf Konter. Diesen Gefallen taten wir den G\u00e4sten jedoch nicht, sondern spielten munter nach vorne. In Spielminute 8. sorgte dann Lorenz mit einem blitzsauberen Tor f\u00fcr die erste Erleichterung.<\/p>\n<p>Mit der F\u00fchrung im R\u00fccken lie\u00df ein wenig die Konzentration nach und so kam der BSC aus heiterem Himmel zum Ausgleich. Dieser Gegentreffer sorgte f\u00fcr ein bisschen Verwirrung im Aufbauspiel der Wiesenwegbuben. So dauerte es bis zur 18. Spielminute ehe wir nach einer Ecke durch ein Eigentor gl\u00fccklich aber verdient wieder in F\u00fchrung gingen. Diese hielt zwar auch nicht lange an, da im Gegenzug der BSC ebenfalls durch eine Ecke erneut ausgleichen konnte.<\/p>\n<p>Mit diesem Ergebnis wechselte man auch die Seiten.<\/p>\n<p>Im zweiten Spielabschnitt hielten wir dann besser dagegen und lie\u00dfen uns von der rohen Spielweise der G\u00e4ste von der Schallershoferstra\u00dfe nicht weiter einsch\u00fcchtern.<br \/>\nIn der 45. Spielminute wurde dann auch mal freundlicherweise ein Freisto\u00df f\u00fcr uns gepfiffen. Diesen verwandelte unser B\u00fcffel zur hochverdienten F\u00fchrung. Mit diesem knappen Vorsprung gaben sich die Wiesenwegbuben jedoch nicht zufrieden und legten nochmal eine Schippe drauf.<br \/>\nIn der 46. Minute stand unser Kleinster goldrichtig und k\u00f6pfte eine sehr sch\u00f6n getretene Ecke von Ari unhaltbar ins gegnerische Geh\u00e4use.<\/p>\n<p>F\u00fcr den Schlu\u00dfpunkt dieser Begegnung sorgte dann erneut Ben, der einen Abpraller von Timm im gegnerischen Strafraum zum 5:2 verwandeln konnte.<\/p>\n<p><span style=\"text-decoration: underline;\">DJk Aufgebot:<\/span><br \/>\nLuis; Daniel; Oliver; Lorenz; Konstantin; Benedikt; Ben; Arijan; Timm<\/p>\n<p><span style=\"text-decoration: underline;\">Tore:<\/span><br \/>\nBen (2); Benedikt (1); Lorenz (1) ET (1)<\/p>\n","protected":false},"excerpt":{"rendered":"<p>Am 4 Spieltag der noch jungen Saison kam es heute zum Derby gegen die Siedlerkicker vom BSC Erlangen. Der m\u00f6chtegern Verantwortliche der G\u00e4ste suchte dann vor Spielbeginn das Haar in der Suppe und sorgte somit schon vor dem Anpfiff\u00a0 f\u00fcr &hellip; <a href=\"https:\/\/www.djk-erlangen.de\/fussball\/?p=10215\">Weiterlesen <span class=\"meta-nav\">&rarr;<\/span><\/a><\/p>\n","protected":false},"author":32,"featured_media":0,"comment_status":"open","ping_status":"closed","sticky":false,"template":"","format":"standard","meta":{"jetpack_post_was_ever_published":false,"_jetpack_newsletter_access":"","_jetpack_dont_email_post_to_subs":false,"_jetpack_newsletter_tier_id":0,"_jetpack_memberships_contains_paywalled_content":false,"_jetpack_memberships_contains_paid_content":false,"footnotes":"","jetpack_publicize_message":"","jetpack_publicize_feature_enabled":true,"jetpack_social_post_already_shared":true,"jetpack_social_options":{"image_generator_settings":{"template":"highway","default_image_id":0,"font":"","enabled":false},"version":2}},"categories":[8],"tags":[],"class_list":["post-10215","post","type-post","status-publish","format-standard","hentry","category-u11-e1"],"jetpack_publicize_connections":[],"jetpack_featured_media_url":"","jetpack_shortlink":"https:\/\/wp.me\/p2ZUr0-2EL","jetpack_sharing_enabled":true,"_links":{"self":[{"href":"https:\/\/www.djk-erlangen.de\/fussball\/index.php?rest_route=\/wp\/v2\/posts\/10215","targetHints":{"allow":["GET"]}}],"collection":[{"href":"https:\/\/www.djk-erlangen.de\/fussball\/index.php?rest_route=\/wp\/v2\/posts"}],"about":[{"href":"https:\/\/www.djk-erlangen.de\/fussball\/index.php?rest_route=\/wp\/v2\/types\/post"}],"author":[{"embeddable":true,"href":"https:\/\/www.djk-erlangen.de\/fussball\/index.php?rest_route=\/wp\/v2\/users\/32"}],"replies":[{"embeddable":true,"href":"https:\/\/www.djk-erlangen.de\/fussball\/index.php?rest_route=%2Fwp%2Fv2%2Fcomments&post=10215"}],"version-history":[{"count":4,"href":"https:\/\/www.djk-erlangen.de\/fussball\/index.php?rest_route=\/wp\/v2\/posts\/10215\/revisions"}],"predecessor-version":[{"id":10218,"href":"https:\/\/www.djk-erlangen.de\/fussball\/index.php?rest_route=\/wp\/v2\/posts\/10215\/revisions\/10218"}],"wp:attachment":[{"href":"https:\/\/www.djk-erlangen.de\/fussball\/index.php?rest_route=%2Fwp%2Fv2%2Fmedia&parent=10215"}],"wp:term":[{"taxonomy":"category","embeddable":true,"href":"https:\/\/www.djk-erlangen.de\/fussball\/index.php?rest_route=%2Fwp%2Fv2%2Fcategories&post=10215"},{"taxonomy":"post_tag","embeddable":true,"href":"https:\/\/www.djk-erlangen.de\/fussball\/index.php?rest_route=%2Fwp%2Fv2%2Ftags&post=10215"}],"curies":[{"name":"wp","href":"https:\/\/api.w.org\/{rel}","templated":true}]}}