{"id":10138,"date":"2013-04-23T11:51:10","date_gmt":"2013-04-23T09:51:10","guid":{"rendered":"http:\/\/www.djk-erlangen.de\/fussball\/?p=10138"},"modified":"2013-04-23T18:10:47","modified_gmt":"2013-04-23T16:10:47","slug":"g-jugendsuper-start-in-die-fruhjahrsrunde","status":"publish","type":"post","link":"https:\/\/www.djk-erlangen.de\/fussball\/?p=10138","title":{"rendered":"G-Jugend: Super-Start in die Fr\u00fchjahrsrunde"},"content":{"rendered":"<p>Am Samstag fand bei der DJK der erste Spieltag der Fr\u00fchjahrsrunde f\u00fcr unsere kleinsten Kicker statt. Leider meinte es Petrus nicht gut mit uns und wir mussten unser Turnier bei anf\u00e4nglichem Regen und kaltem Wind austragen.<\/p>\n<p>Die G1 gewann wieder alle Spiele, d.h. mit 5 Siegen und 30:0 Toren wurde man Turniersieger!!!<\/p>\n<p>Die G2 k\u00e4mpfte mit viel Einsatzwillen, konnte aber leider keinen Sieg einfahren.<\/p>\n","protected":false},"excerpt":{"rendered":"<p>Am Samstag fand bei der DJK der erste Spieltag der Fr\u00fchjahrsrunde f\u00fcr unsere kleinsten Kicker statt. Leider meinte es Petrus nicht gut mit uns und wir mussten unser Turnier bei anf\u00e4nglichem Regen und kaltem Wind austragen. Die G1 gewann wieder &hellip; <a href=\"https:\/\/www.djk-erlangen.de\/fussball\/?p=10138\">Weiterlesen <span class=\"meta-nav\">&rarr;<\/span><\/a><\/p>\n","protected":false},"author":26,"featured_media":0,"comment_status":"open","ping_status":"closed","sticky":false,"template":"","format":"standard","meta":{"jetpack_post_was_ever_published":false,"_jetpack_newsletter_access":"","_jetpack_dont_email_post_to_subs":false,"_jetpack_newsletter_tier_id":0,"_jetpack_memberships_contains_paywalled_content":false,"_jetpack_memberships_contains_paid_content":false,"footnotes":"","jetpack_publicize_message":"","jetpack_publicize_feature_enabled":true,"jetpack_social_post_already_shared":true,"jetpack_social_options":{"image_generator_settings":{"template":"highway","default_image_id":0,"font":"","enabled":false},"version":2}},"categories":[14],"tags":[],"class_list":["post-10138","post","type-post","status-publish","format-standard","hentry","category-u7"],"jetpack_publicize_connections":[],"jetpack_featured_media_url":"","jetpack_shortlink":"https:\/\/wp.me\/p2ZUr0-2Dw","jetpack_sharing_enabled":true,"_links":{"self":[{"href":"https:\/\/www.djk-erlangen.de\/fussball\/index.php?rest_route=\/wp\/v2\/posts\/10138","targetHints":{"allow":["GET"]}}],"collection":[{"href":"https:\/\/www.djk-erlangen.de\/fussball\/index.php?rest_route=\/wp\/v2\/posts"}],"about":[{"href":"https:\/\/www.djk-erlangen.de\/fussball\/index.php?rest_route=\/wp\/v2\/types\/post"}],"author":[{"embeddable":true,"href":"https:\/\/www.djk-erlangen.de\/fussball\/index.php?rest_route=\/wp\/v2\/users\/26"}],"replies":[{"embeddable":true,"href":"https:\/\/www.djk-erlangen.de\/fussball\/index.php?rest_route=%2Fwp%2Fv2%2Fcomments&post=10138"}],"version-history":[{"count":4,"href":"https:\/\/www.djk-erlangen.de\/fussball\/index.php?rest_route=\/wp\/v2\/posts\/10138\/revisions"}],"predecessor-version":[{"id":10145,"href":"https:\/\/www.djk-erlangen.de\/fussball\/index.php?rest_route=\/wp\/v2\/posts\/10138\/revisions\/10145"}],"wp:attachment":[{"href":"https:\/\/www.djk-erlangen.de\/fussball\/index.php?rest_route=%2Fwp%2Fv2%2Fmedia&parent=10138"}],"wp:term":[{"taxonomy":"category","embeddable":true,"href":"https:\/\/www.djk-erlangen.de\/fussball\/index.php?rest_route=%2Fwp%2Fv2%2Fcategories&post=10138"},{"taxonomy":"post_tag","embeddable":true,"href":"https:\/\/www.djk-erlangen.de\/fussball\/index.php?rest_route=%2Fwp%2Fv2%2Ftags&post=10138"}],"curies":[{"name":"wp","href":"https:\/\/api.w.org\/{rel}","templated":true}]}}