{"id":10131,"date":"2013-04-20T17:35:28","date_gmt":"2013-04-20T15:35:28","guid":{"rendered":"http:\/\/www.djk-erlangen.de\/fussball\/?p=10131"},"modified":"2013-04-20T17:35:28","modified_gmt":"2013-04-20T15:35:28","slug":"deutlich-verbesserter-auftritt","status":"publish","type":"post","link":"https:\/\/www.djk-erlangen.de\/fussball\/?p=10131","title":{"rendered":"deutlich verbesserter Auftritt"},"content":{"rendered":"<p>Am heutigen Samstag vormittag f\u00fchrte uns der Weg in den Stadtosten zum VdS Spardorf. Diese bezogen zum Saisonauftakt eine richtige Klatsche und daher waren unsere Infos \u00fcber den aktuellen Leistungsstand dieser Truppe nur noch Schall und Rauch.<!--more-->Von der ersten Spielminute an \u00fcbernahmen wir das Komando auf dem Spielfeld. Jedoch war unsere Chancenverwertung in der Anfangsphase wiedermal nicht das gelbe vom Ei. So dauerte es bis zur 12. Spielminute ehe nach einer sch\u00f6nen Einzelleistung von Konstantin, dieser auch zur hochverdienten F\u00fchrung einnetzte. In der Folgezeit der Begegnung konnten sich die Gastgeber bei Ihrem Torh\u00fcter und dem Aluminium bedanken, da\u00df die Hausherren binnen 5 Minuten nicht schon deutlich ins Hintertreffen geraten sind. Kurz vor dem Pausenpfiff brach dann der Bann und Arijan erh\u00f6hte auf 2:0 f\u00fcr die Wiesenwegbuben.<\/p>\n<p>Nach dem Wiederanpfiff zur zweiten Spielh\u00e4lfte waren die Wiesenwegkanoniere wahrscheinlich noch damit besch\u00e4ftigt ihre Visiere richtig einzustellen. V\u00f6llig aus dem Nichts kamen die Spardorfer in unsere H\u00e4lfte und verk\u00fcrzten in der 28. Minute auf 1:2.<\/p>\n<p>Dieser Gegentreffer wirkte f\u00fcr die Unsrigen irgendwie befreiend und unser B\u00fcffel stellte keine 5 Minuten sp\u00e4ter den alten Abstand wieder her. Von nun an wurde phasenweise richtig toller Fu\u00dfball zelebriert. Nach einer Ecke erk\u00e4mpfte sich Daniel aus dem Gew\u00fchl heraus den Ball und verwandelte zum 4:1 f\u00fcr die Wiesenwegbomber.<\/p>\n<p>F\u00fcr das 5:1 sorgte dann unser Wirbelwind Ben aus halbrechter Position. Keine 2 Minuten sp\u00e4ter war das halbe Dutzend voll, B\u00fcffel Benedikt lie\u00df die gesamte Spardorfer Defensive stehen wie Slalomstangen und verwandelte mit einem fulminanten Schu\u00df ins lange Eck. Wieder waren keine 2 Minuten gespielt und auch unser Kleinster aber gro\u00dfer Fu\u00dfballer machte seinen Doppelpack mit dem 7:1 perfekt.<\/p>\n<p>Unser Mittelfeldmotor Arijan wollte da nicht nachstehen und auch er machte mit dem 8:1 in der 48. Spielminute seinen Doppelpack. F\u00fcr den Schlu\u00dfpunkt einer recht einseitgen Partie sorgte dann mit seinem Dreierpack unser B\u00fcffel.<\/p>\n<p>Als objektiver Spielbetrachter vor Ort war Spardorf mit dem 9:1 noch recht gut bedient. Bei konsequenterer Chancenverwertung h\u00e4tte das Ergebnis locker doppelt so hoch ausfallen k\u00f6nnen. Um das selbst gesteckte Ziel jedoch nicht vorzeitig aus den Augen zu verlieren bedarf es in den kommenden Spielen einer weiteren Leistungssteigerung und vorallem auch eine Verbesserung im Zusammenspiel.<\/p>\n<p>Durch diesen deutlich verbesserten Auftritt haben wir uns den Ausw\u00e4rtsdreier auch verdient! Weiter so Jungs!!!<\/p>\n<p><span style=\"text-decoration: underline;\"><strong>DJK Aufgebot:<\/strong><\/span><br \/>\nLuis<br \/>\nDaniel<br \/>\nOliver<br \/>\nLorenz<br \/>\nKonstantin<br \/>\nBenedikt<br \/>\nBen<br \/>\nArijan<br \/>\nTimm<\/p>\n<p><span style=\"text-decoration: underline;\"><strong>Tore:<\/strong><\/span><br \/>\nBenedikt (3); Ben (2) Arijan (2); Konstantin (1); Daniel (1)<\/p>\n","protected":false},"excerpt":{"rendered":"<p>Am heutigen Samstag vormittag f\u00fchrte uns der Weg in den Stadtosten zum VdS Spardorf. Diese bezogen zum Saisonauftakt eine richtige Klatsche und daher waren unsere Infos \u00fcber den aktuellen Leistungsstand dieser Truppe nur noch Schall und Rauch.<\/p>\n","protected":false},"author":32,"featured_media":0,"comment_status":"open","ping_status":"closed","sticky":false,"template":"","format":"standard","meta":{"jetpack_post_was_ever_published":false,"_jetpack_newsletter_access":"","_jetpack_dont_email_post_to_subs":false,"_jetpack_newsletter_tier_id":0,"_jetpack_memberships_contains_paywalled_content":false,"_jetpack_memberships_contains_paid_content":false,"footnotes":"","jetpack_publicize_message":"","jetpack_publicize_feature_enabled":true,"jetpack_social_post_already_shared":true,"jetpack_social_options":{"image_generator_settings":{"template":"highway","default_image_id":0,"font":"","enabled":false},"version":2}},"categories":[1,8],"tags":[],"class_list":["post-10131","post","type-post","status-publish","format-standard","hentry","category-allgemein","category-u11-e1"],"jetpack_publicize_connections":[],"jetpack_featured_media_url":"","jetpack_shortlink":"https:\/\/wp.me\/p2ZUr0-2Dp","jetpack_sharing_enabled":true,"_links":{"self":[{"href":"https:\/\/www.djk-erlangen.de\/fussball\/index.php?rest_route=\/wp\/v2\/posts\/10131","targetHints":{"allow":["GET"]}}],"collection":[{"href":"https:\/\/www.djk-erlangen.de\/fussball\/index.php?rest_route=\/wp\/v2\/posts"}],"about":[{"href":"https:\/\/www.djk-erlangen.de\/fussball\/index.php?rest_route=\/wp\/v2\/types\/post"}],"author":[{"embeddable":true,"href":"https:\/\/www.djk-erlangen.de\/fussball\/index.php?rest_route=\/wp\/v2\/users\/32"}],"replies":[{"embeddable":true,"href":"https:\/\/www.djk-erlangen.de\/fussball\/index.php?rest_route=%2Fwp%2Fv2%2Fcomments&post=10131"}],"version-history":[{"count":1,"href":"https:\/\/www.djk-erlangen.de\/fussball\/index.php?rest_route=\/wp\/v2\/posts\/10131\/revisions"}],"predecessor-version":[{"id":10132,"href":"https:\/\/www.djk-erlangen.de\/fussball\/index.php?rest_route=\/wp\/v2\/posts\/10131\/revisions\/10132"}],"wp:attachment":[{"href":"https:\/\/www.djk-erlangen.de\/fussball\/index.php?rest_route=%2Fwp%2Fv2%2Fmedia&parent=10131"}],"wp:term":[{"taxonomy":"category","embeddable":true,"href":"https:\/\/www.djk-erlangen.de\/fussball\/index.php?rest_route=%2Fwp%2Fv2%2Fcategories&post=10131"},{"taxonomy":"post_tag","embeddable":true,"href":"https:\/\/www.djk-erlangen.de\/fussball\/index.php?rest_route=%2Fwp%2Fv2%2Ftags&post=10131"}],"curies":[{"name":"wp","href":"https:\/\/api.w.org\/{rel}","templated":true}]}}