{"id":10092,"date":"2013-04-09T23:05:46","date_gmt":"2013-04-09T21:05:46","guid":{"rendered":"http:\/\/www.djk-erlangen.de\/fussball\/?p=10092"},"modified":"2013-04-09T23:11:08","modified_gmt":"2013-04-09T21:11:08","slug":"gegluckte-generalprobe-vor-dem-rundenauftakt","status":"publish","type":"post","link":"https:\/\/www.djk-erlangen.de\/fussball\/?p=10092","title":{"rendered":"gegl\u00fcckte Generalprobe vor dem Rundenauftakt"},"content":{"rendered":"<p>Nach einem langen Winter und einer mehr als durchwachsenen Vorbereitung trafen wir am ersten Trainingstag nach den Osterferien auf unsere Freunde der SpVGG He\u00dfdorf. Kalendarisch haben wir eigentlich schon das Fr\u00fchjahr aber gef\u00fchlt war es am heutigen Dienstag der Winteranfang.<!--more--><\/p>\n<p>Bei str\u00f6menden Regen und einem eisigen Wind versuchten die Wiesenwegbuben schnell das Geschehen an sich zu ziehen. Aber durch die \u00dcberlegenheit an Spielanteilen stellte sich postwendend auch wieder der Bruder Leichtfu\u00df ein. Zahlreiche Einschu\u00dfm\u00f6glichkeiten konnten nicht genutzt werden, da viel zu eigensinnig und ohne Blick f\u00fcr den besser postierten Mitspieler agiert wurde. Sicher war es nur eine Frage der Zeit bis der Ball im gegnerischen Geh\u00e4use landete. Die Treffer vielen teilweise nur durch Einzelaktionen. Auch l\u00e4\u00dft man das im Training hart Erarbeitete, in Spielen gerne mal in der Kabine und versucht vielmehr Dinge, die weder im Trainingsbetrieb ge\u00fcbt wurden noch im Eigenen spielerischen Bereich f\u00fcr Sicherheit sorgen und wir somit stets Gefahr laufen, unn\u00f6tig in eins zu eins Situationen in der eigenen H\u00e4lfte gezwungen\u00a0 werden.<\/p>\n<p>F\u00fcr viele Au\u00dfenstehende mag der deutliche Sieg beim heutigen Testspiel vom Ergebnis her zwar \u00fcber die gezeigte Leistung hinwegtr\u00f6sten. Aber mit dieser Leistung bestehen wir gegen einen Gegner der kompakt dagegen h\u00e4lt nicht! Und dann fragt man sich wieder, Warum??<\/p>\n<p>H\u00e4tte die Mannschaft das umgesetzt was in der Kabine besprochen wurde und was sie\u00a0 auch in der Lage ist Umzusetzen, h\u00e4tte sich He\u00dfdorf, das zumal noch ohne Wechsler angetreten war, bereits in<br \/>\nH\u00e4lfte 1 \u00fcber ein deutlich h\u00f6heres Ergebnis nicht beschweren brauchen.<\/p>\n<p>Somit gilt es jetzt den Fokus auf die letzte Trainingseinheit vor dem Punktspielstart zuhause gegen Pinzberg zu richten. Schlie\u00dflich ist ein gelungener Saisonauftakt die Halbe Miete f\u00fcr eine erfolgreiche Saison!<br \/>\nDer Dank f\u00fcr die spontane Zusage zum Freundschaftspiel geht an die SpVgg nach He\u00dfdorf. Auch Euch w\u00fcnschen wir eine erfolgreiche Spielzeit.<\/p>\n<p><span style=\"text-decoration: underline;\"><strong>DJK Aufgebot:<\/strong><\/span><br \/>\nLuis<br \/>\nHannes<br \/>\nDaniel<br \/>\nTim<br \/>\nOliver<br \/>\nLorenz<br \/>\nKonstantin<br \/>\nBenedikt<br \/>\nBen<br \/>\nArijan<br \/>\nMike<\/p>\n","protected":false},"excerpt":{"rendered":"<p>Nach einem langen Winter und einer mehr als durchwachsenen Vorbereitung trafen wir am ersten Trainingstag nach den Osterferien auf unsere Freunde der SpVGG He\u00dfdorf. Kalendarisch haben wir eigentlich schon das Fr\u00fchjahr aber gef\u00fchlt war es am heutigen Dienstag der Winteranfang.<\/p>\n","protected":false},"author":32,"featured_media":0,"comment_status":"open","ping_status":"closed","sticky":false,"template":"","format":"standard","meta":{"jetpack_post_was_ever_published":false,"_jetpack_newsletter_access":"","_jetpack_dont_email_post_to_subs":false,"_jetpack_newsletter_tier_id":0,"_jetpack_memberships_contains_paywalled_content":false,"_jetpack_memberships_contains_paid_content":false,"footnotes":"","jetpack_publicize_message":"","jetpack_publicize_feature_enabled":true,"jetpack_social_post_already_shared":true,"jetpack_social_options":{"image_generator_settings":{"template":"highway","default_image_id":0,"font":"","enabled":false},"version":2}},"categories":[1,8],"tags":[],"class_list":["post-10092","post","type-post","status-publish","format-standard","hentry","category-allgemein","category-u11-e1"],"jetpack_publicize_connections":[],"jetpack_featured_media_url":"","jetpack_shortlink":"https:\/\/wp.me\/p2ZUr0-2CM","jetpack_sharing_enabled":true,"_links":{"self":[{"href":"https:\/\/www.djk-erlangen.de\/fussball\/index.php?rest_route=\/wp\/v2\/posts\/10092","targetHints":{"allow":["GET"]}}],"collection":[{"href":"https:\/\/www.djk-erlangen.de\/fussball\/index.php?rest_route=\/wp\/v2\/posts"}],"about":[{"href":"https:\/\/www.djk-erlangen.de\/fussball\/index.php?rest_route=\/wp\/v2\/types\/post"}],"author":[{"embeddable":true,"href":"https:\/\/www.djk-erlangen.de\/fussball\/index.php?rest_route=\/wp\/v2\/users\/32"}],"replies":[{"embeddable":true,"href":"https:\/\/www.djk-erlangen.de\/fussball\/index.php?rest_route=%2Fwp%2Fv2%2Fcomments&post=10092"}],"version-history":[{"count":6,"href":"https:\/\/www.djk-erlangen.de\/fussball\/index.php?rest_route=\/wp\/v2\/posts\/10092\/revisions"}],"predecessor-version":[{"id":10098,"href":"https:\/\/www.djk-erlangen.de\/fussball\/index.php?rest_route=\/wp\/v2\/posts\/10092\/revisions\/10098"}],"wp:attachment":[{"href":"https:\/\/www.djk-erlangen.de\/fussball\/index.php?rest_route=%2Fwp%2Fv2%2Fmedia&parent=10092"}],"wp:term":[{"taxonomy":"category","embeddable":true,"href":"https:\/\/www.djk-erlangen.de\/fussball\/index.php?rest_route=%2Fwp%2Fv2%2Fcategories&post=10092"},{"taxonomy":"post_tag","embeddable":true,"href":"https:\/\/www.djk-erlangen.de\/fussball\/index.php?rest_route=%2Fwp%2Fv2%2Ftags&post=10092"}],"curies":[{"name":"wp","href":"https:\/\/api.w.org\/{rel}","templated":true}]}}