{"id":10078,"date":"2013-04-07T22:25:51","date_gmt":"2013-04-07T20:25:51","guid":{"rendered":"http:\/\/www.djk-erlangen.de\/fussball\/?p=10078"},"modified":"2013-04-08T23:40:06","modified_gmt":"2013-04-08T21:40:06","slug":"2-trainingslager-der-c-junioren-in-pottenstein","status":"publish","type":"post","link":"https:\/\/www.djk-erlangen.de\/fussball\/?p=10078","title":{"rendered":"2. Trainingslager der C-Junioren in Pottenstein"},"content":{"rendered":"<p>&nbsp;<\/p>\n<p>Die vergangen drei Tage haben wir mit unseren C-Junioren im Schullandheim im frostigen Pottenstein verbracht. Ich mu\u00df gestehen, das wir diesmal mehr &#8222;Lager&#8220; als Training hatten, jedoch war es trotzdem ein sehr erlebnisreicher Aufenthalt. Neben einem Freundschaftsspiel bei der SG Pottenstein\/Kirchahorn, dessen Ergebnis hier nicht genannt werden will, haben wir am Donnerstag die Teufelsh\u00f6hle besucht und ein paar Runden auf der Sommerrodelbahn gedreht (wobei Sommer hier wohl unpassend ist). Der eigentliche H\u00f6hepunkt fand dann am Freitag statt. <!--more-->Mit unserem H\u00f6hlenforscher Thomas haben wir die H\u00f6hle ohne Namen in Stein am Wasser besucht. Waren Anfangs noch einige Kinder sehr skeptisch, waren nach der Tour alle restlos begeistert. Einzig ein hier nicht genannter Trainer hat den Einstieg in einen aus seiner Sicht nicht vorhandenen Durchgang verweigert. Hier noch ein paar &#8222;vorher &#8211; nachher&#8220; Bilder der gl\u00fccklichen H\u00f6hleng\u00e4nger&#8230;&#8230;..<\/p>\n<p>&nbsp;<\/p>\n<p><a href=\"http:\/\/www.djk-erlangen.de\/fussball\/wp-content\/uploads\/2013\/04\/IMG_2464.jpg\"><img loading=\"lazy\" decoding=\"async\" class=\"aligncenter size-medium wp-image-10081\" alt=\"IMG_2464\" src=\"http:\/\/www.djk-erlangen.de\/fussball\/wp-content\/uploads\/2013\/04\/IMG_2464-300x199.jpg\" width=\"300\" height=\"199\" srcset=\"https:\/\/www.djk-erlangen.de\/fussball\/wp-content\/uploads\/2013\/04\/IMG_2464-300x199.jpg 300w, https:\/\/www.djk-erlangen.de\/fussball\/wp-content\/uploads\/2013\/04\/IMG_2464-150x99.jpg 150w, https:\/\/www.djk-erlangen.de\/fussball\/wp-content\/uploads\/2013\/04\/IMG_2464-1024x682.jpg 1024w, https:\/\/www.djk-erlangen.de\/fussball\/wp-content\/uploads\/2013\/04\/IMG_2464.jpg 1367w\" sizes=\"auto, (max-width: 300px) 100vw, 300px\" \/><\/a> <a href=\"http:\/\/www.djk-erlangen.de\/fussball\/wp-content\/uploads\/2013\/04\/IMG_2466.jpg\"><img loading=\"lazy\" decoding=\"async\" class=\"aligncenter size-medium wp-image-10082\" alt=\"IMG_2466\" src=\"http:\/\/www.djk-erlangen.de\/fussball\/wp-content\/uploads\/2013\/04\/IMG_2466-300x199.jpg\" width=\"300\" height=\"199\" srcset=\"https:\/\/www.djk-erlangen.de\/fussball\/wp-content\/uploads\/2013\/04\/IMG_2466-300x199.jpg 300w, https:\/\/www.djk-erlangen.de\/fussball\/wp-content\/uploads\/2013\/04\/IMG_2466-150x99.jpg 150w, https:\/\/www.djk-erlangen.de\/fussball\/wp-content\/uploads\/2013\/04\/IMG_2466-1024x682.jpg 1024w, https:\/\/www.djk-erlangen.de\/fussball\/wp-content\/uploads\/2013\/04\/IMG_2466.jpg 1367w\" sizes=\"auto, (max-width: 300px) 100vw, 300px\" \/><\/a> <a href=\"http:\/\/www.djk-erlangen.de\/fussball\/wp-content\/uploads\/2013\/04\/IMG_2471.jpg\"><img loading=\"lazy\" decoding=\"async\" class=\"aligncenter size-medium wp-image-10083\" alt=\"IMG_2471\" src=\"http:\/\/www.djk-erlangen.de\/fussball\/wp-content\/uploads\/2013\/04\/IMG_2471-300x199.jpg\" width=\"300\" height=\"199\" srcset=\"https:\/\/www.djk-erlangen.de\/fussball\/wp-content\/uploads\/2013\/04\/IMG_2471-300x199.jpg 300w, https:\/\/www.djk-erlangen.de\/fussball\/wp-content\/uploads\/2013\/04\/IMG_2471-150x99.jpg 150w, https:\/\/www.djk-erlangen.de\/fussball\/wp-content\/uploads\/2013\/04\/IMG_2471-1024x682.jpg 1024w, https:\/\/www.djk-erlangen.de\/fussball\/wp-content\/uploads\/2013\/04\/IMG_2471.jpg 1367w\" sizes=\"auto, (max-width: 300px) 100vw, 300px\" \/><\/a> <a href=\"http:\/\/www.djk-erlangen.de\/fussball\/wp-content\/uploads\/2013\/04\/IMG_2474.jpg\"><img loading=\"lazy\" decoding=\"async\" class=\"aligncenter size-medium wp-image-10084\" alt=\"IMG_2474\" src=\"http:\/\/www.djk-erlangen.de\/fussball\/wp-content\/uploads\/2013\/04\/IMG_2474-300x199.jpg\" width=\"300\" height=\"199\" srcset=\"https:\/\/www.djk-erlangen.de\/fussball\/wp-content\/uploads\/2013\/04\/IMG_2474-300x199.jpg 300w, https:\/\/www.djk-erlangen.de\/fussball\/wp-content\/uploads\/2013\/04\/IMG_2474-150x99.jpg 150w, https:\/\/www.djk-erlangen.de\/fussball\/wp-content\/uploads\/2013\/04\/IMG_2474-1024x682.jpg 1024w, https:\/\/www.djk-erlangen.de\/fussball\/wp-content\/uploads\/2013\/04\/IMG_2474.jpg 1367w\" sizes=\"auto, (max-width: 300px) 100vw, 300px\" \/><\/a><a href=\"http:\/\/www.djk-erlangen.de\/fussball\/wp-content\/uploads\/2013\/04\/IMG_2476.jpg\"><img loading=\"lazy\" decoding=\"async\" class=\"aligncenter size-medium wp-image-10086\" alt=\"IMG_2476\" src=\"http:\/\/www.djk-erlangen.de\/fussball\/wp-content\/uploads\/2013\/04\/IMG_2476-300x199.jpg\" width=\"300\" height=\"199\" srcset=\"https:\/\/www.djk-erlangen.de\/fussball\/wp-content\/uploads\/2013\/04\/IMG_2476-300x199.jpg 300w, https:\/\/www.djk-erlangen.de\/fussball\/wp-content\/uploads\/2013\/04\/IMG_2476-150x99.jpg 150w, https:\/\/www.djk-erlangen.de\/fussball\/wp-content\/uploads\/2013\/04\/IMG_2476-1024x682.jpg 1024w, https:\/\/www.djk-erlangen.de\/fussball\/wp-content\/uploads\/2013\/04\/IMG_2476.jpg 1367w\" sizes=\"auto, (max-width: 300px) 100vw, 300px\" \/><\/a><\/p>\n","protected":false},"excerpt":{"rendered":"<p>&nbsp; Die vergangen drei Tage haben wir mit unseren C-Junioren im Schullandheim im frostigen Pottenstein verbracht. Ich mu\u00df gestehen, das wir diesmal mehr &#8222;Lager&#8220; als Training hatten, jedoch war es trotzdem ein sehr erlebnisreicher Aufenthalt. Neben einem Freundschaftsspiel bei der &hellip; <a href=\"https:\/\/www.djk-erlangen.de\/fussball\/?p=10078\">Weiterlesen <span class=\"meta-nav\">&rarr;<\/span><\/a><\/p>\n","protected":false},"author":7,"featured_media":0,"comment_status":"open","ping_status":"closed","sticky":false,"template":"","format":"standard","meta":{"jetpack_post_was_ever_published":false,"_jetpack_newsletter_access":"","_jetpack_dont_email_post_to_subs":false,"_jetpack_newsletter_tier_id":0,"_jetpack_memberships_contains_paywalled_content":false,"_jetpack_memberships_contains_paid_content":false,"footnotes":"","jetpack_publicize_message":"","jetpack_publicize_feature_enabled":true,"jetpack_social_post_already_shared":true,"jetpack_social_options":{"image_generator_settings":{"template":"highway","default_image_id":0,"font":"","enabled":false},"version":2}},"categories":[1,11],"tags":[],"class_list":["post-10078","post","type-post","status-publish","format-standard","hentry","category-allgemein","category-u15"],"jetpack_publicize_connections":[],"jetpack_featured_media_url":"","jetpack_shortlink":"https:\/\/wp.me\/p2ZUr0-2Cy","jetpack_sharing_enabled":true,"_links":{"self":[{"href":"https:\/\/www.djk-erlangen.de\/fussball\/index.php?rest_route=\/wp\/v2\/posts\/10078","targetHints":{"allow":["GET"]}}],"collection":[{"href":"https:\/\/www.djk-erlangen.de\/fussball\/index.php?rest_route=\/wp\/v2\/posts"}],"about":[{"href":"https:\/\/www.djk-erlangen.de\/fussball\/index.php?rest_route=\/wp\/v2\/types\/post"}],"author":[{"embeddable":true,"href":"https:\/\/www.djk-erlangen.de\/fussball\/index.php?rest_route=\/wp\/v2\/users\/7"}],"replies":[{"embeddable":true,"href":"https:\/\/www.djk-erlangen.de\/fussball\/index.php?rest_route=%2Fwp%2Fv2%2Fcomments&post=10078"}],"version-history":[{"count":3,"href":"https:\/\/www.djk-erlangen.de\/fussball\/index.php?rest_route=\/wp\/v2\/posts\/10078\/revisions"}],"predecessor-version":[{"id":10088,"href":"https:\/\/www.djk-erlangen.de\/fussball\/index.php?rest_route=\/wp\/v2\/posts\/10078\/revisions\/10088"}],"wp:attachment":[{"href":"https:\/\/www.djk-erlangen.de\/fussball\/index.php?rest_route=%2Fwp%2Fv2%2Fmedia&parent=10078"}],"wp:term":[{"taxonomy":"category","embeddable":true,"href":"https:\/\/www.djk-erlangen.de\/fussball\/index.php?rest_route=%2Fwp%2Fv2%2Fcategories&post=10078"},{"taxonomy":"post_tag","embeddable":true,"href":"https:\/\/www.djk-erlangen.de\/fussball\/index.php?rest_route=%2Fwp%2Fv2%2Ftags&post=10078"}],"curies":[{"name":"wp","href":"https:\/\/api.w.org\/{rel}","templated":true}]}}